{"success":true,"html":"        \n\u003Cli class=\u0022comment  d-flex flex-column gap-2 border-bottom border-dark-subtle pb-4\u0022 id=\u0022comment-149534\u0022\u003E\n    \u003Cdiv class=\u0022d-flex flex-column gap-2\u0022\u003E\n        \u003Cdiv class=\u0022d-flex align-items-center gap-075\u0022\u003E\n            \n    \n\u003Cdiv class=\u0022user-avatar p-0 user-avatar--small\u0022\u003E\n            \u003Ca href=\u0022#\u0022\n   title=\u0022Benutzerprofil anzeigen\u0022\n   class=\u0022user-avatar p-0 user-avatar--small\u0022\n\u003E\n                    \u003Cimg data-ot-ignore src=\u0022\/user\/picture\/0\/thumb_7070\u0022 alt=\u0022\u0022 class=\u0022user_avatar w-100 h-100 rounded-pill invisible\u0022 onload=\u0022this.classList.remove(\u0027invisible\u0027)\u0022\u003E\n            \u003C\/a\u003E\n    \u003C\/div\u003E\n\n\n                \n\u003Cdiv class=\u0022\u0022\u003E\n    \u003Ca href=\u0022#\u0022\n   title=\u0022  - Benutzerprofil anzeigen\u0022\n   class=\u0022fw-bold\u0022\n\u003E\n                        \n            \u003C\/a\u003E\n\u003C\/div\u003E\n            \u003Cdiv class=\u0022text-black-50\u0022\u003E\n                17. November 2013 - 13:34\n            \u003C\/div\u003E\n        \u003C\/div\u003E\n                                \u003Cdiv class=\u0022content commentContent text-break\u0022\u003E\n                        \u003Cp id=\u0022comment-content-149534\u0022\u003E\n                \u003Cp\u003EWerde die Torte f\u00fcr meinen kleinen zum zweiten Geburtstag backen. Ich freue mich auf seine Augen wenn er die Torte sieht!\u003C\/p\u003E\u003Cp\u003Ekann ich die Torte am Abend vor seinem Geburtstag backen?\u003C\/p\u003E\u003Cp\u003Eh\u00e4lt sie sich im K\u00fchlschrank?\u003C\/p\u003E\u003Cp\u003Elg\u003C\/p\u003E\n            \u003C\/p\u003E\n        \u003C\/div\u003E\n    \u003C\/div\u003E\n\n            \n        \n\n\n    \n\n\u003Cul class=\u0022commentActions d-flex gap-3 text-primary\u0022\u003E\n            \u003Cli\u003E\n                        \u003Ca\n            href=\u0022javascript:;\u0022\n            rel=\u0022no-follow\u0022\n            class=\u0022loginRequire text-primary fw-medium d-flex align-items-center gap-1\u0022\n            title=\u0022Melde dich an`\u0022\n                                            \u003E\n    \n                    \u003Cspan class=\u0022icon-user\u0022\u003E\u003C\/span\u003E\n                \u003Cspan class=\u0022\u0022\u003EMelde dich an\u003C\/span\u003E\n\n            \u003C\/a\u003E\n    \n        \u003C\/li\u003E\n            \u003Cli\u003E\n                \n                \u003Cspan class=\u0022\u0022\u003Eoder\u003C\/span\u003E\n\n            \u003C\/a\u003E\n    \n        \u003C\/li\u003E\n            \u003Cli\u003E\n                        \u003Ca\n            href=\u0022javascript:;\u0022\n            rel=\u0022no-follow\u0022\n            class=\u0022loginRequire text-primary fw-medium d-flex align-items-center gap-1\u0022\n            title=\u0022registriere dich`\u0022\n                                            \u003E\n    \n                    \u003Cspan class=\u0022icon-user\u0022\u003E\u003C\/span\u003E\n                \u003Cspan class=\u0022\u0022\u003Eregistriere dich\u003C\/span\u003E\n\n            \u003C\/a\u003E\n    \n        \u003C\/li\u003E\n    \u003C\/ul\u003E\n\n\n\n\n\n\n\n\n\n\n\n    \u003C\/li\u003E\n        \n\u003Cli class=\u0022comment  d-flex flex-column gap-2 border-bottom border-dark-subtle pb-4\u0022 id=\u0022comment-145962\u0022\u003E\n    \u003Cdiv class=\u0022d-flex flex-column gap-2\u0022\u003E\n        \u003Cdiv class=\u0022d-flex align-items-center gap-075\u0022\u003E\n            \n    \n\u003Cdiv class=\u0022user-avatar p-0 user-avatar--small\u0022\u003E\n            \u003Ca href=\u0022#\u0022\n   title=\u0022Benutzerprofil anzeigen\u0022\n   class=\u0022user-avatar p-0 user-avatar--small\u0022\n\u003E\n                    \u003Cimg data-ot-ignore src=\u0022\/user\/picture\/0\/thumb_7070\u0022 alt=\u0022\u0022 class=\u0022user_avatar w-100 h-100 rounded-pill invisible\u0022 onload=\u0022this.classList.remove(\u0027invisible\u0027)\u0022\u003E\n            \u003C\/a\u003E\n    \u003C\/div\u003E\n\n\n                \n\u003Cdiv class=\u0022\u0022\u003E\n    \u003Ca href=\u0022#\u0022\n   title=\u0022  - Benutzerprofil anzeigen\u0022\n   class=\u0022fw-bold\u0022\n\u003E\n                        \n            \u003C\/a\u003E\n\u003C\/div\u003E\n            \u003Cdiv class=\u0022text-black-50\u0022\u003E\n                30. Oktober 2013 - 18:40\n            \u003C\/div\u003E\n        \u003C\/div\u003E\n                                \u003Cdiv class=\u0022content commentContent text-break\u0022\u003E\n                        \u003Cp id=\u0022comment-content-145962\u0022\u003E\n                \u003Cp\u003EHab den Kuchen vor 2 Wochen zum 4.Geburtstag meines Sohnes gemacht. \u003Cimg class=\u0022tmrc-icons\u0022 src=\u0022\/bundles\/tmrcfront\/js\/tinymce-plugins\/tmrc_emoticons\/img\/party.png\u0022 alt=\u0022Party\u0022 title=\u0022Party\u0022\/\u003E\u003C\/p\u003E\u003Cp\u003EEr war sehr lecker und einfach zu machen (habe diesen vor ein paar Jahren schon einmal f\u00fcr meinen gro\u00dfen Sohn gemacht, allerdings nicht in der TM-Version) \u003Cimg class=\u0022tmrc-icons\u0022 src=\u0022\/bundles\/tmrcfront\/js\/tinymce-plugins\/tmrc_emoticons\/img\/wink.png\u0022 alt=\u0022tmrc_emoticons.;)\u0022 title=\u0022tmrc_emoticons.;)\u0022\/\u003E\u003C\/p\u003E\u003Cp\u003EEr war sooo begeistert von dem sch\u00f6nen K\u00e4ferkuchen, dass er jetzt jeden Tag so einen m\u00f6chte \u003Cimg class=\u0022tmrc-icons\u0022 src=\u0022\/bundles\/tmrcfront\/js\/tinymce-plugins\/tmrc_emoticons\/img\/bigsmile.png\u0022 alt=\u0022Big Smile\u0022 title=\u0022Big Smile\u0022\/\u003E\u003C\/p\u003E\u003Cp\u003EDanke f\u00fcr das tolle Rezept.\u003C\/p\u003E\n            \u003C\/p\u003E\n        \u003C\/div\u003E\n    \u003C\/div\u003E\n\n            \n        \n\n\n    \n\n\u003Cul class=\u0022commentActions d-flex gap-3 text-primary\u0022\u003E\n            \u003Cli\u003E\n                        \u003Ca\n            href=\u0022javascript:;\u0022\n            rel=\u0022no-follow\u0022\n            class=\u0022loginRequire text-primary fw-medium d-flex align-items-center gap-1\u0022\n            title=\u0022Melde dich an`\u0022\n                                            \u003E\n    \n                    \u003Cspan class=\u0022icon-user\u0022\u003E\u003C\/span\u003E\n                \u003Cspan class=\u0022\u0022\u003EMelde dich an\u003C\/span\u003E\n\n            \u003C\/a\u003E\n    \n        \u003C\/li\u003E\n            \u003Cli\u003E\n                \n                \u003Cspan class=\u0022\u0022\u003Eoder\u003C\/span\u003E\n\n            \u003C\/a\u003E\n    \n        \u003C\/li\u003E\n            \u003Cli\u003E\n                        \u003Ca\n            href=\u0022javascript:;\u0022\n            rel=\u0022no-follow\u0022\n            class=\u0022loginRequire text-primary fw-medium d-flex align-items-center gap-1\u0022\n            title=\u0022registriere dich`\u0022\n                                            \u003E\n    \n                    \u003Cspan class=\u0022icon-user\u0022\u003E\u003C\/span\u003E\n                \u003Cspan class=\u0022\u0022\u003Eregistriere dich\u003C\/span\u003E\n\n            \u003C\/a\u003E\n    \n        \u003C\/li\u003E\n    \u003C\/ul\u003E\n\n\n\n\n\n\n\n\n\n\n\n    \u003C\/li\u003E\n        \n\u003Cli class=\u0022comment  d-flex flex-column gap-2 border-bottom border-dark-subtle pb-4\u0022 id=\u0022comment-138807\u0022\u003E\n    \u003Cdiv class=\u0022d-flex flex-column gap-2\u0022\u003E\n        \u003Cdiv class=\u0022d-flex align-items-center gap-075\u0022\u003E\n            \n    \n\u003Cdiv class=\u0022user-avatar p-0 user-avatar--small\u0022\u003E\n            \u003Ca href=\u0022#\u0022\n   title=\u0022Benutzerprofil anzeigen\u0022\n   class=\u0022user-avatar p-0 user-avatar--small\u0022\n\u003E\n                    \u003Cimg data-ot-ignore src=\u0022\/user\/picture\/0\/thumb_7070\u0022 alt=\u0022\u0022 class=\u0022user_avatar w-100 h-100 rounded-pill invisible\u0022 onload=\u0022this.classList.remove(\u0027invisible\u0027)\u0022\u003E\n            \u003C\/a\u003E\n    \u003C\/div\u003E\n\n\n                \n\u003Cdiv class=\u0022\u0022\u003E\n    \u003Ca href=\u0022#\u0022\n   title=\u0022  - Benutzerprofil anzeigen\u0022\n   class=\u0022fw-bold\u0022\n\u003E\n                        \n            \u003C\/a\u003E\n\u003C\/div\u003E\n            \u003Cdiv class=\u0022text-black-50\u0022\u003E\n                23. September 2013 - 08:30\n            \u003C\/div\u003E\n        \u003C\/div\u003E\n                                \u003Cdiv class=\u0022content commentContent text-break\u0022\u003E\n                        \u003Cp id=\u0022comment-content-138807\u0022\u003E\n                \u003Cp\u003EHab den Kuchen gestern zum 2.Geburtstag meines Sohnes gemacht. Er war auch echt lecker und einfach zu machen (habe wie oben vorgeschlagen zwei B\u00f6den gebacken und mir damit das Teilen gespart). Einziger Kritikpunkt ist, dass beim Schneiden des Kuchen l\u00e4uft ein Teil der F\u00fcllung an der Seite raus. Obwohl der Kuchen vorher mit Tortenring einige Stunden im K\u00fchlschrank stand. Das fand ich etwas schade...\u003C\/p\u003E\n            \u003C\/p\u003E\n        \u003C\/div\u003E\n    \u003C\/div\u003E\n\n            \n        \n\n\n    \n\n\u003Cul class=\u0022commentActions d-flex gap-3 text-primary\u0022\u003E\n            \u003Cli\u003E\n                        \u003Ca\n            href=\u0022javascript:;\u0022\n            rel=\u0022no-follow\u0022\n            class=\u0022loginRequire text-primary fw-medium d-flex align-items-center gap-1\u0022\n            title=\u0022Melde dich an`\u0022\n                                            \u003E\n    \n                    \u003Cspan class=\u0022icon-user\u0022\u003E\u003C\/span\u003E\n                \u003Cspan class=\u0022\u0022\u003EMelde dich an\u003C\/span\u003E\n\n            \u003C\/a\u003E\n    \n        \u003C\/li\u003E\n            \u003Cli\u003E\n                \n                \u003Cspan class=\u0022\u0022\u003Eoder\u003C\/span\u003E\n\n            \u003C\/a\u003E\n    \n        \u003C\/li\u003E\n            \u003Cli\u003E\n                        \u003Ca\n            href=\u0022javascript:;\u0022\n            rel=\u0022no-follow\u0022\n            class=\u0022loginRequire text-primary fw-medium d-flex align-items-center gap-1\u0022\n            title=\u0022registriere dich`\u0022\n                                            \u003E\n    \n                    \u003Cspan class=\u0022icon-user\u0022\u003E\u003C\/span\u003E\n                \u003Cspan class=\u0022\u0022\u003Eregistriere dich\u003C\/span\u003E\n\n            \u003C\/a\u003E\n    \n        \u003C\/li\u003E\n    \u003C\/ul\u003E\n\n\n\n\n\n\n\n\n\n\n\n    \u003C\/li\u003E\n        \n\u003Cli class=\u0022comment  d-flex flex-column gap-2 border-bottom border-dark-subtle pb-4\u0022 id=\u0022comment-102424\u0022\u003E\n    \u003Cdiv class=\u0022d-flex flex-column gap-2\u0022\u003E\n        \u003Cdiv class=\u0022d-flex align-items-center gap-075\u0022\u003E\n            \n    \n\u003Cdiv class=\u0022user-avatar p-0 user-avatar--small\u0022\u003E\n            \u003Ca href=\u0022#\u0022\n   title=\u0022Benutzerprofil anzeigen\u0022\n   class=\u0022user-avatar p-0 user-avatar--small\u0022\n\u003E\n                    \u003Cimg data-ot-ignore src=\u0022\/user\/picture\/0\/thumb_7070\u0022 alt=\u0022\u0022 class=\u0022user_avatar w-100 h-100 rounded-pill invisible\u0022 onload=\u0022this.classList.remove(\u0027invisible\u0027)\u0022\u003E\n            \u003C\/a\u003E\n    \u003C\/div\u003E\n\n\n                \n\u003Cdiv class=\u0022\u0022\u003E\n    \u003Ca href=\u0022#\u0022\n   title=\u0022  - Benutzerprofil anzeigen\u0022\n   class=\u0022fw-bold\u0022\n\u003E\n                        \n            \u003C\/a\u003E\n\u003C\/div\u003E\n            \u003Cdiv class=\u0022text-black-50\u0022\u003E\n                15. Januar 2013 - 13:10\n            \u003C\/div\u003E\n        \u003C\/div\u003E\n                                \u003Cdiv class=\u0022content commentContent text-break\u0022\u003E\n                        \u003Cp id=\u0022comment-content-102424\u0022\u003E\n                \u003Cp\u003EHallo,\u003C\/p\u003E\u003Cp\u003Eich habe den Kuchen anfang Januar zum Geburtstag meiner Tochter \u003Cimg class=\u0022tmrc-icons\u0022 src=\u0022\/bundles\/tmrcfront\/js\/tinymce-plugins\/tmrc_emoticons\/img\/party.png\u0022 alt=\u0022Party\u0022 title=\u0022Party\u0022\/\u003E gemacht. (2 Jahre) Sie war total begeistert von dem sch\u00f6nen K\u00e4ferkuchen. Sie erz\u00e4hlt immer noch allen, dass sie einen K\u00e4ferkuchen bekommen hat. War auch einfach und problemlos zu machen. Habe in die F\u00fcllung Heidelbeeren rein getan. War auch super lecker. Auch die G\u00e4ste fanden den Kuchen super. Vielen Dank f\u00fcr das tolle Rezept.\u003C\/p\u003E\n            \u003C\/p\u003E\n        \u003C\/div\u003E\n    \u003C\/div\u003E\n\n            \n        \n\n\n    \n\n\u003Cul class=\u0022commentActions d-flex gap-3 text-primary\u0022\u003E\n            \u003Cli\u003E\n                        \u003Ca\n            href=\u0022javascript:;\u0022\n            rel=\u0022no-follow\u0022\n            class=\u0022loginRequire text-primary fw-medium d-flex align-items-center gap-1\u0022\n            title=\u0022Melde dich an`\u0022\n                                            \u003E\n    \n                    \u003Cspan class=\u0022icon-user\u0022\u003E\u003C\/span\u003E\n                \u003Cspan class=\u0022\u0022\u003EMelde dich an\u003C\/span\u003E\n\n            \u003C\/a\u003E\n    \n        \u003C\/li\u003E\n            \u003Cli\u003E\n                \n                \u003Cspan class=\u0022\u0022\u003Eoder\u003C\/span\u003E\n\n            \u003C\/a\u003E\n    \n        \u003C\/li\u003E\n            \u003Cli\u003E\n                        \u003Ca\n            href=\u0022javascript:;\u0022\n            rel=\u0022no-follow\u0022\n            class=\u0022loginRequire text-primary fw-medium d-flex align-items-center gap-1\u0022\n            title=\u0022registriere dich`\u0022\n                                            \u003E\n    \n                    \u003Cspan class=\u0022icon-user\u0022\u003E\u003C\/span\u003E\n                \u003Cspan class=\u0022\u0022\u003Eregistriere dich\u003C\/span\u003E\n\n            \u003C\/a\u003E\n    \n        \u003C\/li\u003E\n    \u003C\/ul\u003E\n\n\n\n\n\n\n\n\n\n\n\n    \u003C\/li\u003E\n        \n\u003Cli class=\u0022comment  d-flex flex-column gap-2 border-bottom border-dark-subtle pb-4\u0022 id=\u0022comment-96449\u0022\u003E\n    \u003Cdiv class=\u0022d-flex flex-column gap-2\u0022\u003E\n        \u003Cdiv class=\u0022d-flex align-items-center gap-075\u0022\u003E\n            \n    \n\u003Cdiv class=\u0022user-avatar p-0 user-avatar--small\u0022\u003E\n            \u003Ca href=\u0022#\u0022\n   title=\u0022Benutzerprofil anzeigen\u0022\n   class=\u0022user-avatar p-0 user-avatar--small\u0022\n\u003E\n                    \u003Cimg data-ot-ignore src=\u0022\/user\/picture\/0\/thumb_7070\u0022 alt=\u0022\u0022 class=\u0022user_avatar w-100 h-100 rounded-pill invisible\u0022 onload=\u0022this.classList.remove(\u0027invisible\u0027)\u0022\u003E\n            \u003C\/a\u003E\n    \u003C\/div\u003E\n\n\n                \n\u003Cdiv class=\u0022\u0022\u003E\n    \u003Ca href=\u0022#\u0022\n   title=\u0022  - Benutzerprofil anzeigen\u0022\n   class=\u0022fw-bold\u0022\n\u003E\n                        \n            \u003C\/a\u003E\n\u003C\/div\u003E\n            \u003Cdiv class=\u0022text-black-50\u0022\u003E\n                1. Dezember 2012 - 09:42\n            \u003C\/div\u003E\n        \u003C\/div\u003E\n                                \u003Cdiv class=\u0022content commentContent text-break\u0022\u003E\n                        \u003Cp id=\u0022comment-content-96449\u0022\u003E\n                \u003Cp\u003E\u003Cimg class=\u0022tmrc-icons\u0022 src=\u0022\/bundles\/tmrcfront\/js\/tinymce-plugins\/tmrc_emoticons\/img\/cooking_7.gif\u0022 alt=\u0022Cooking 7\u0022 title=\u0022Cooking 7\u0022\/\u003E\u003C\/p\u003E\u003Cp\u003ESuper Idee!!!!\u003C\/p\u003E\u003Cp\u003EWerde ich meinem Sohn zum 2. Geburtstag backen... Freue mich jetzt schon auf die strahlenden Augen \u003Cimg class=\u0022tmrc-icons\u0022 src=\u0022\/bundles\/tmrcfront\/js\/tinymce-plugins\/tmrc_emoticons\/img\/party.png\u0022 alt=\u0022Party\u0022 title=\u0022Party\u0022\/\u003E \u003C\/p\u003E\u003Cp\u003EVielen Dank f\u00fcr den Tipp mit den 2 B\u00f6den, habe auch immer etwas Schwierigkeiten mit dem Teilen.\u003C\/p\u003E\u003Cp\u003E\u0026nbsp;\u003C\/p\u003E\n            \u003C\/p\u003E\n        \u003C\/div\u003E\n    \u003C\/div\u003E\n\n            \n        \n\n\n    \n\n\u003Cul class=\u0022commentActions d-flex gap-3 text-primary\u0022\u003E\n            \u003Cli\u003E\n                        \u003Ca\n            href=\u0022javascript:;\u0022\n            rel=\u0022no-follow\u0022\n            class=\u0022loginRequire text-primary fw-medium d-flex align-items-center gap-1\u0022\n            title=\u0022Melde dich an`\u0022\n                                            \u003E\n    \n                    \u003Cspan class=\u0022icon-user\u0022\u003E\u003C\/span\u003E\n                \u003Cspan class=\u0022\u0022\u003EMelde dich an\u003C\/span\u003E\n\n            \u003C\/a\u003E\n    \n        \u003C\/li\u003E\n            \u003Cli\u003E\n                \n                \u003Cspan class=\u0022\u0022\u003Eoder\u003C\/span\u003E\n\n            \u003C\/a\u003E\n    \n        \u003C\/li\u003E\n            \u003Cli\u003E\n                        \u003Ca\n            href=\u0022javascript:;\u0022\n            rel=\u0022no-follow\u0022\n            class=\u0022loginRequire text-primary fw-medium d-flex align-items-center gap-1\u0022\n            title=\u0022registriere dich`\u0022\n                                            \u003E\n    \n                    \u003Cspan class=\u0022icon-user\u0022\u003E\u003C\/span\u003E\n                \u003Cspan class=\u0022\u0022\u003Eregistriere dich\u003C\/span\u003E\n\n            \u003C\/a\u003E\n    \n        \u003C\/li\u003E\n    \u003C\/ul\u003E\n\n\n\n\n\n\n\n\n\n\n\n    \u003C\/li\u003E\n        \n\u003Cli class=\u0022comment  d-flex flex-column gap-2 border-bottom border-dark-subtle pb-4\u0022 id=\u0022comment-68855\u0022\u003E\n    \u003Cdiv class=\u0022d-flex flex-column gap-2\u0022\u003E\n        \u003Cdiv class=\u0022d-flex align-items-center gap-075\u0022\u003E\n            \n    \n\u003Cdiv class=\u0022user-avatar p-0 user-avatar--small\u0022\u003E\n            \u003Ca href=\u0022\/user\/d2ad9398-91fa-44e3-891f-d1b983857a74\u0022\n   title=\u0022Benutzerprofil anzeigen\u0022\n   class=\u0022user-avatar p-0 user-avatar--small\u0022\n\u003E\n                    \u003Cimg data-ot-ignore src=\u0022\/user\/picture\/46283\/thumb_7070\u0022 alt=\u0022\u0022 class=\u0022user_avatar w-100 h-100 rounded-pill invisible\u0022 onload=\u0022this.classList.remove(\u0027invisible\u0027)\u0022\u003E\n            \u003C\/a\u003E\n    \u003C\/div\u003E\n\n\n                \n\u003Cdiv class=\u0022\u0022\u003E\n    \u003Ca href=\u0022\/user\/d2ad9398-91fa-44e3-891f-d1b983857a74\u0022\n   title=\u0022 teddyundine - Benutzerprofil anzeigen\u0022\n   class=\u0022fw-bold\u0022\n\u003E\n                        teddyundine\n            \u003C\/a\u003E\n\u003C\/div\u003E\n            \u003Cdiv class=\u0022text-black-50\u0022\u003E\n                8. April 2012 - 22:41\n            \u003C\/div\u003E\n        \u003C\/div\u003E\n                                                \u003Cdiv class=\u0022item-rating d-flex gap-2 align-items-center\u0022\u003E\n    \u003Cdiv class=\u0022comment-stars comment-edit rating-size-4\u0022 data-id=\u0022fs36ecd1-c3910-859364-cfcd2-dwtyk3ar\u0022\n         data-average=\u00225\u0022\n         data-rating-titles=\u0022Mangelhaft|Ausreichend|Befriedigend|Gut|Sehr gut\u0022\n    \u003E\n        \u003Cinput type=\u0022number\u0022 name=\u0022rating\u0022 class=\u0022comment-rating\u0022 value=\u00225\u0022 readonly \/\u003E\n    \u003C\/div\u003E\n        \u003Cspan class=\u0022fw-semibold rate-amount align-middle\u0022 data-text=\u00225.0\u0022\u003E5.0\u003C\/span\u003E\n\u003C\/div\u003E\n                \u003Cdiv class=\u0022content commentContent text-break\u0022\u003E\n                        \u003Cp id=\u0022comment-content-68855\u0022\u003E\n                \u003Cp\u003ETolle Idee, hat unsere Geburtstagsdeier der Enkeltochter sehr versch\u00f6nert. Alle kleinen und gro\u00dfen G\u00e4ste waren begeistert. Danke f\u00fcr dieses sch\u00f6ne Rezept, herrlich f\u00fcr Auge und Gaumen. Gerne vergebe ich hier 5 Sterne.\u003C\/p\u003E\n            \u003C\/p\u003E\n        \u003C\/div\u003E\n    \u003C\/div\u003E\n\n            \n        \n\n\n    \n\n\u003Cul class=\u0022commentActions d-flex gap-3 text-primary\u0022\u003E\n            \u003Cli\u003E\n                        \u003Ca\n            href=\u0022javascript:;\u0022\n            rel=\u0022no-follow\u0022\n            class=\u0022loginRequire text-primary fw-medium d-flex align-items-center gap-1\u0022\n            title=\u0022Melde dich an`\u0022\n                                            \u003E\n    \n                    \u003Cspan class=\u0022icon-user\u0022\u003E\u003C\/span\u003E\n                \u003Cspan class=\u0022\u0022\u003EMelde dich an\u003C\/span\u003E\n\n            \u003C\/a\u003E\n    \n        \u003C\/li\u003E\n            \u003Cli\u003E\n                \n                \u003Cspan class=\u0022\u0022\u003Eoder\u003C\/span\u003E\n\n            \u003C\/a\u003E\n    \n        \u003C\/li\u003E\n            \u003Cli\u003E\n                        \u003Ca\n            href=\u0022javascript:;\u0022\n            rel=\u0022no-follow\u0022\n            class=\u0022loginRequire text-primary fw-medium d-flex align-items-center gap-1\u0022\n            title=\u0022registriere dich`\u0022\n                                            \u003E\n    \n                    \u003Cspan class=\u0022icon-user\u0022\u003E\u003C\/span\u003E\n                \u003Cspan class=\u0022\u0022\u003Eregistriere dich\u003C\/span\u003E\n\n            \u003C\/a\u003E\n    \n        \u003C\/li\u003E\n    \u003C\/ul\u003E\n\n\n\n\n\n\n\n\n\n\n\n    \u003C\/li\u003E\n        \n\u003Cli class=\u0022comment  d-flex flex-column gap-2 border-bottom border-dark-subtle pb-4\u0022 id=\u0022comment-62113\u0022\u003E\n    \u003Cdiv class=\u0022d-flex flex-column gap-2\u0022\u003E\n        \u003Cdiv class=\u0022d-flex align-items-center gap-075\u0022\u003E\n            \n    \n\u003Cdiv class=\u0022user-avatar p-0 user-avatar--small\u0022\u003E\n            \u003Ca href=\u0022#\u0022\n   title=\u0022Benutzerprofil anzeigen\u0022\n   class=\u0022user-avatar p-0 user-avatar--small\u0022\n\u003E\n                    \u003Cimg data-ot-ignore src=\u0022\/user\/picture\/0\/thumb_7070\u0022 alt=\u0022\u0022 class=\u0022user_avatar w-100 h-100 rounded-pill invisible\u0022 onload=\u0022this.classList.remove(\u0027invisible\u0027)\u0022\u003E\n            \u003C\/a\u003E\n    \u003C\/div\u003E\n\n\n                \n\u003Cdiv class=\u0022\u0022\u003E\n    \u003Ca href=\u0022#\u0022\n   title=\u0022  - Benutzerprofil anzeigen\u0022\n   class=\u0022fw-bold\u0022\n\u003E\n                        \n            \u003C\/a\u003E\n\u003C\/div\u003E\n            \u003Cdiv class=\u0022text-black-50\u0022\u003E\n                8. Februar 2012 - 07:52\n            \u003C\/div\u003E\n        \u003C\/div\u003E\n                                \u003Cdiv class=\u0022content commentContent text-break\u0022\u003E\n                        \u003Cp id=\u0022comment-content-62113\u0022\u003E\n                \u003Cp\u003E\u003Cimg class=\u0022tmrc-icons\u0022 src=\u0022\/bundles\/tmrcfront\/js\/tinymce-plugins\/tmrc_emoticons\/img\/cooking_7.gif\u0022 alt=\u0022Cooking 7\u0022 title=\u0022Cooking 7\u0022\/\u003E Mach ich meinem Neffe zum Geburtstag...danke.. \u003Cimg class=\u0022tmrc-icons\u0022 src=\u0022\/bundles\/tmrcfront\/js\/tinymce-plugins\/tmrc_emoticons\/img\/party.png\u0022 alt=\u0022Party\u0022 title=\u0022Party\u0022\/\u003E \u003C\/p\u003E\n            \u003C\/p\u003E\n        \u003C\/div\u003E\n    \u003C\/div\u003E\n\n            \n        \n\n\n    \n\n\u003Cul class=\u0022commentActions d-flex gap-3 text-primary\u0022\u003E\n            \u003Cli\u003E\n                        \u003Ca\n            href=\u0022javascript:;\u0022\n            rel=\u0022no-follow\u0022\n            class=\u0022loginRequire text-primary fw-medium d-flex align-items-center gap-1\u0022\n            title=\u0022Melde dich an`\u0022\n                                            \u003E\n    \n                    \u003Cspan class=\u0022icon-user\u0022\u003E\u003C\/span\u003E\n                \u003Cspan class=\u0022\u0022\u003EMelde dich an\u003C\/span\u003E\n\n            \u003C\/a\u003E\n    \n        \u003C\/li\u003E\n            \u003Cli\u003E\n                \n                \u003Cspan class=\u0022\u0022\u003Eoder\u003C\/span\u003E\n\n            \u003C\/a\u003E\n    \n        \u003C\/li\u003E\n            \u003Cli\u003E\n                        \u003Ca\n            href=\u0022javascript:;\u0022\n            rel=\u0022no-follow\u0022\n            class=\u0022loginRequire text-primary fw-medium d-flex align-items-center gap-1\u0022\n            title=\u0022registriere dich`\u0022\n                                            \u003E\n    \n                    \u003Cspan class=\u0022icon-user\u0022\u003E\u003C\/span\u003E\n                \u003Cspan class=\u0022\u0022\u003Eregistriere dich\u003C\/span\u003E\n\n            \u003C\/a\u003E\n    \n        \u003C\/li\u003E\n    \u003C\/ul\u003E\n\n\n\n\n\n\n\n\n\n\n\n    \u003C\/li\u003E\n        \n\u003Cli class=\u0022comment  d-flex flex-column gap-2 border-bottom border-dark-subtle pb-4\u0022 id=\u0022comment-62102\u0022\u003E\n    \u003Cdiv class=\u0022d-flex flex-column gap-2\u0022\u003E\n        \u003Cdiv class=\u0022d-flex align-items-center gap-075\u0022\u003E\n            \n    \n\u003Cdiv class=\u0022user-avatar p-0 user-avatar--small\u0022\u003E\n            \u003Ca href=\u0022\/user\/ba241b65-5c45-4db4-8aaf-2d132c6f9418\u0022\n   title=\u0022Benutzerprofil anzeigen\u0022\n   class=\u0022user-avatar p-0 user-avatar--small\u0022\n\u003E\n                    \u003Cimg data-ot-ignore src=\u0022\/user\/picture\/53425\/thumb_7070\u0022 alt=\u0022\u0022 class=\u0022user_avatar w-100 h-100 rounded-pill invisible\u0022 onload=\u0022this.classList.remove(\u0027invisible\u0027)\u0022\u003E\n            \u003C\/a\u003E\n    \u003C\/div\u003E\n\n\n                \n\u003Cdiv class=\u0022\u0022\u003E\n    \u003Ca href=\u0022\/user\/ba241b65-5c45-4db4-8aaf-2d132c6f9418\u0022\n   title=\u0022 Daniditt - Benutzerprofil anzeigen\u0022\n   class=\u0022fw-bold\u0022\n\u003E\n                        Daniditt\n            \u003C\/a\u003E\n\u003C\/div\u003E\n            \u003Cdiv class=\u0022text-black-50\u0022\u003E\n                7. Februar 2012 - 21:37\n            \u003C\/div\u003E\n        \u003C\/div\u003E\n                                \u003Cdiv class=\u0022content commentContent text-break\u0022\u003E\n                        \u003Cp id=\u0022comment-content-62102\u0022\u003E\n                \u003CP\u003EHi Sandra,\u003C\/P\u003E\u003Cbr \/\u003E\r\n\u003CP\u003Evielen Dank f\u00fcr den Tipp mit den zwei B\u00f6den. Da h\u00e4tte ich mir die Arbeit sparen k\u00f6nnen mit dem Teilen \u003Cimg class=\u0022tmrc-icons\u0022 src=\u0022\/bundles\/tmrcfront\/js\/tinymce-plugins\/tmrc_emoticons\/img\/wink.png\u0022 alt=\u0022tmrc_emoticons.;)\u0022 title=\u0022tmrc_emoticons.;)\u0022\/\u003E\u0026nbsp; wobei ich einen Draht habe zum einfachen durchdrennen. Aber statt der Mandarinensahne Buttercreme zu verwenden ist auch eine super Idee!\u003C\/P\u003E\u003Cbr \/\u003E\r\n\u003CP\u003EGibts dann zum zweiten Geburtstag \u003Cimg class=\u0022tmrc-icons\u0022 src=\u0022\/bundles\/tmrcfront\/js\/tinymce-plugins\/tmrc_emoticons\/img\/bigsmile.png\u0022 alt=\u0022Big Smile\u0022 title=\u0022Big Smile\u0022\/\u003E\u003C\/P\u003E\u003Cbr \/\u003E\r\n\u003CP\u003ELG Dani\u003C\/P\u003E\n            \u003C\/p\u003E\n        \u003C\/div\u003E\n    \u003C\/div\u003E\n\n            \n        \n\n\n    \n\n\u003Cul class=\u0022commentActions d-flex gap-3 text-primary\u0022\u003E\n            \u003Cli\u003E\n                        \u003Ca\n            href=\u0022javascript:;\u0022\n            rel=\u0022no-follow\u0022\n            class=\u0022loginRequire text-primary fw-medium d-flex align-items-center gap-1\u0022\n            title=\u0022Melde dich an`\u0022\n                                            \u003E\n    \n                    \u003Cspan class=\u0022icon-user\u0022\u003E\u003C\/span\u003E\n                \u003Cspan class=\u0022\u0022\u003EMelde dich an\u003C\/span\u003E\n\n            \u003C\/a\u003E\n    \n        \u003C\/li\u003E\n            \u003Cli\u003E\n                \n                \u003Cspan class=\u0022\u0022\u003Eoder\u003C\/span\u003E\n\n            \u003C\/a\u003E\n    \n        \u003C\/li\u003E\n            \u003Cli\u003E\n                        \u003Ca\n            href=\u0022javascript:;\u0022\n            rel=\u0022no-follow\u0022\n            class=\u0022loginRequire text-primary fw-medium d-flex align-items-center gap-1\u0022\n            title=\u0022registriere dich`\u0022\n                                            \u003E\n    \n                    \u003Cspan class=\u0022icon-user\u0022\u003E\u003C\/span\u003E\n                \u003Cspan class=\u0022\u0022\u003Eregistriere dich\u003C\/span\u003E\n\n            \u003C\/a\u003E\n    \n        \u003C\/li\u003E\n    \u003C\/ul\u003E\n\n\n\n\n\n\n\n\n\n\n\n    \u003C\/li\u003E\n        \n\u003Cli class=\u0022comment  d-flex flex-column gap-2 border-bottom border-dark-subtle pb-4\u0022 id=\u0022comment-62074\u0022\u003E\n    \u003Cdiv class=\u0022d-flex flex-column gap-2\u0022\u003E\n        \u003Cdiv class=\u0022d-flex align-items-center gap-075\u0022\u003E\n            \n    \n\u003Cdiv class=\u0022user-avatar p-0 user-avatar--small\u0022\u003E\n            \u003Ca href=\u0022\/user\/353d8823-3b58-4926-812f-d56aae854e01\u0022\n   title=\u0022Benutzerprofil anzeigen\u0022\n   class=\u0022user-avatar p-0 user-avatar--small\u0022\n\u003E\n                    \u003Cimg data-ot-ignore src=\u0022\/user\/picture\/54095\/thumb_7070\u0022 alt=\u0022\u0022 class=\u0022user_avatar w-100 h-100 rounded-pill invisible\u0022 onload=\u0022this.classList.remove(\u0027invisible\u0027)\u0022\u003E\n            \u003C\/a\u003E\n    \u003C\/div\u003E\n\n\n                \n\u003Cdiv class=\u0022\u0022\u003E\n    \u003Ca href=\u0022\/user\/353d8823-3b58-4926-812f-d56aae854e01\u0022\n   title=\u0022 meinem\u00e4nner - Benutzerprofil anzeigen\u0022\n   class=\u0022fw-bold\u0022\n\u003E\n                        meinem\u00e4nner\n            \u003C\/a\u003E\n\u003C\/div\u003E\n            \u003Cdiv class=\u0022text-black-50\u0022\u003E\n                7. Februar 2012 - 18:17\n            \u003C\/div\u003E\n        \u003C\/div\u003E\n                                                \u003Cdiv class=\u0022item-rating d-flex gap-2 align-items-center\u0022\u003E\n    \u003Cdiv class=\u0022comment-stars comment-edit rating-size-4\u0022 data-id=\u0022fs36ecd1-c3910-859364-cfcd2-dwtyk3ar\u0022\n         data-average=\u00225\u0022\n         data-rating-titles=\u0022Mangelhaft|Ausreichend|Befriedigend|Gut|Sehr gut\u0022\n    \u003E\n        \u003Cinput type=\u0022number\u0022 name=\u0022rating\u0022 class=\u0022comment-rating\u0022 value=\u00225\u0022 readonly \/\u003E\n    \u003C\/div\u003E\n        \u003Cspan class=\u0022fw-semibold rate-amount align-middle\u0022 data-text=\u00225.0\u0022\u003E5.0\u003C\/span\u003E\n\u003C\/div\u003E\n                \u003Cdiv class=\u0022content commentContent text-break\u0022\u003E\n                        \u003Cp id=\u0022comment-content-62074\u0022\u003E\n                \u003CP\u003ETipp:\u003C\/P\u003E\u003Cbr \/\u003E\r\n\u003CP\u003EWem das Teilen des Bodens zu kompliziert ist, b\u00e4ckt einfach 2 B\u00f6den und f\u00fcllt die dann mit einer Buttercreme oder \u00e4hnliches.\u003C\/P\u003E\u003Cbr \/\u003E\r\n\u003CP\u003EIch hab einfach 1 hellen Biskuit- und 1 dunklen Biskuitboden gebacken. Nach dem Ausk\u00fchlen auf den dunklen Boden, eine Buttercreme gemacht, den hellen Teig, wie beschrieben, in 3 Teile geschnitten und auf den dunklen Boden gesetzt und zum Schlu\u00df, glasiert, dekoriert,.... fertig. Die Idee kam mir, weil ich mit dem Teilen des Bodens in 2 H\u00e4lften, sooo meine Probleme hab.\u003C\/P\u003E\u003Cbr \/\u003E\r\n\u003CP\u003EStatt Buttercreme kann man auch Pudding, Marmelade oder Fruchtf\u00fcllungen nehmen. Der Phantasie sind keine Grenzen gesetzt. Und wie gesagt, der Mehraufwand lohnt sich.\u003C\/P\u003E\u003Cbr \/\u003E\r\n\u003CP\u003EWar nur so ein kleiner Tipp am Rand!\u003C\/P\u003E\n            \u003C\/p\u003E\n        \u003C\/div\u003E\n    \u003C\/div\u003E\n\n            \n        \n\n\n    \n\n\u003Cul class=\u0022commentActions d-flex gap-3 text-primary\u0022\u003E\n            \u003Cli\u003E\n                        \u003Ca\n            href=\u0022javascript:;\u0022\n            rel=\u0022no-follow\u0022\n            class=\u0022loginRequire text-primary fw-medium d-flex align-items-center gap-1\u0022\n            title=\u0022Melde dich an`\u0022\n                                            \u003E\n    \n                    \u003Cspan class=\u0022icon-user\u0022\u003E\u003C\/span\u003E\n                \u003Cspan class=\u0022\u0022\u003EMelde dich an\u003C\/span\u003E\n\n            \u003C\/a\u003E\n    \n        \u003C\/li\u003E\n            \u003Cli\u003E\n                \n                \u003Cspan class=\u0022\u0022\u003Eoder\u003C\/span\u003E\n\n            \u003C\/a\u003E\n    \n        \u003C\/li\u003E\n            \u003Cli\u003E\n                        \u003Ca\n            href=\u0022javascript:;\u0022\n            rel=\u0022no-follow\u0022\n            class=\u0022loginRequire text-primary fw-medium d-flex align-items-center gap-1\u0022\n            title=\u0022registriere dich`\u0022\n                                            \u003E\n    \n                    \u003Cspan class=\u0022icon-user\u0022\u003E\u003C\/span\u003E\n                \u003Cspan class=\u0022\u0022\u003Eregistriere dich\u003C\/span\u003E\n\n            \u003C\/a\u003E\n    \n        \u003C\/li\u003E\n    \u003C\/ul\u003E\n\n\n\n\n\n\n\n\n\n\n\n    \u003C\/li\u003E\n        \n\u003Cli class=\u0022comment  d-flex flex-column gap-2 border-bottom border-dark-subtle pb-4\u0022 id=\u0022comment-62051\u0022\u003E\n    \u003Cdiv class=\u0022d-flex flex-column gap-2\u0022\u003E\n        \u003Cdiv class=\u0022d-flex align-items-center gap-075\u0022\u003E\n            \n    \n\u003Cdiv class=\u0022user-avatar p-0 user-avatar--small\u0022\u003E\n            \u003Ca href=\u0022\/user\/0b2f2963-e34c-4705-a427-b13f9b7a6e13\u0022\n   title=\u0022Benutzerprofil anzeigen\u0022\n   class=\u0022user-avatar p-0 user-avatar--small\u0022\n\u003E\n                    \u003Cimg data-ot-ignore src=\u0022\/user\/picture\/35304\/thumb_7070\u0022 alt=\u0022\u0022 class=\u0022user_avatar w-100 h-100 rounded-pill invisible\u0022 onload=\u0022this.classList.remove(\u0027invisible\u0027)\u0022\u003E\n            \u003C\/a\u003E\n    \u003C\/div\u003E\n\n\n                \n\u003Cdiv class=\u0022\u0022\u003E\n    \u003Ca href=\u0022\/user\/0b2f2963-e34c-4705-a427-b13f9b7a6e13\u0022\n   title=\u0022 AnitaZ1972 - Benutzerprofil anzeigen\u0022\n   class=\u0022fw-bold\u0022\n\u003E\n                        AnitaZ1972\n            \u003C\/a\u003E\n\u003C\/div\u003E\n            \u003Cdiv class=\u0022text-black-50\u0022\u003E\n                7. Februar 2012 - 15:31\n            \u003C\/div\u003E\n        \u003C\/div\u003E\n                                \u003Cdiv class=\u0022content commentContent text-break\u0022\u003E\n                        \u003Cp id=\u0022comment-content-62051\u0022\u003E\n                \u003Cp\u003EOhhh wie s\u00fc\u00df!! Den mach ich meiner Nichte zum Geburtstag!! Ihr Spitzname ist n\u00e4mlich \u0022K\u00e4fer\u0022!! Da freut sie sich bestimmt!!\u003C\/p\u003E\u003Cp\u003EDanke f\u00fcr die sch\u00f6ne Idee und die Detailierte Beschreibung!!\u003C\/p\u003E\u003Cp\u003EGru\u00df,\u003C\/p\u003E\u003Cp\u003EAnitaZ1972\u003C\/p\u003E\n            \u003C\/p\u003E\n        \u003C\/div\u003E\n    \u003C\/div\u003E\n\n            \n        \n\n\n    \n\n\u003Cul class=\u0022commentActions d-flex gap-3 text-primary\u0022\u003E\n            \u003Cli\u003E\n                        \u003Ca\n            href=\u0022javascript:;\u0022\n            rel=\u0022no-follow\u0022\n            class=\u0022loginRequire text-primary fw-medium d-flex align-items-center gap-1\u0022\n            title=\u0022Melde dich an`\u0022\n                                            \u003E\n    \n                    \u003Cspan class=\u0022icon-user\u0022\u003E\u003C\/span\u003E\n                \u003Cspan class=\u0022\u0022\u003EMelde dich an\u003C\/span\u003E\n\n            \u003C\/a\u003E\n    \n        \u003C\/li\u003E\n            \u003Cli\u003E\n                \n                \u003Cspan class=\u0022\u0022\u003Eoder\u003C\/span\u003E\n\n            \u003C\/a\u003E\n    \n        \u003C\/li\u003E\n            \u003Cli\u003E\n                        \u003Ca\n            href=\u0022javascript:;\u0022\n            rel=\u0022no-follow\u0022\n            class=\u0022loginRequire text-primary fw-medium d-flex align-items-center gap-1\u0022\n            title=\u0022registriere dich`\u0022\n                                            \u003E\n    \n                    \u003Cspan class=\u0022icon-user\u0022\u003E\u003C\/span\u003E\n                \u003Cspan class=\u0022\u0022\u003Eregistriere dich\u003C\/span\u003E\n\n            \u003C\/a\u003E\n    \n        \u003C\/li\u003E\n    \u003C\/ul\u003E\n\n\n\n\n\n\n\n\n\n\n\n    \u003C\/li\u003E\n                    \n        \u003Cnav aria-label=\u0022Page navigation\u0022 class=\u0022pager d-flex justify-content-center py-3\u0022\u003E\n        \u003Cul class=\u0022pagination\u0022\u003E\n                                            \u003Cli class=\u0022page-item\u0022\u003E\n                    \u003Ca class=\u0022page-link icon-double-arrow-left\u0022 href=\u0022\/recipes\/comments\/recipe\/fs36ecd1-c3910-859364-cfcd2-dwtyk3ar\u0022 rel=\u0022first\u0022\u003E\u003C\/a\u003E\n                \u003C\/li\u003E\n                                \u003Cli class=\u0022page-item\u0022\u003E\n                                                                                    \u003Ca href=\u0022\/recipes\/comments\/recipe\/fs36ecd1-c3910-859364-cfcd2-dwtyk3ar\u0022 rel=\u0022prev\u0022 class=\u0022page-link icon-arrow-left\u0022\u003E\u003C\/a\u003E\n                \u003C\/li\u003E\n            \n                                                \u003Cli class=\u0022page-item\u0022\u003E\n                                                    \u003Ca href=\u0022\/recipes\/comments\/recipe\/fs36ecd1-c3910-859364-cfcd2-dwtyk3ar\u0022 class=\u0022page-link\u0022\u003E1\u003C\/a\u003E\n                                            \u003C\/li\u003E\n                                                                \u003Cli class=\u0022page-item\u0022\u003E\u003Cspan class=\u0022page-link bg-secondary-subtle rounded active text-dark z-0\u0022 aria-current=\u0022page\u0022 data-url=\u0022\/recipes\/comments\/recipe\/fs36ecd1-c3910-859364-cfcd2-dwtyk3ar?page=2\u0022\u003E2\u003C\/span\u003E\u003C\/li\u003E\n                                                                \u003Cli class=\u0022page-item\u0022\u003E\n                                                    \u003Ca href=\u0022\/recipes\/comments\/recipe\/fs36ecd1-c3910-859364-cfcd2-dwtyk3ar?page=3\u0022 class=\u0022page-link\u0022\u003E3\u003C\/a\u003E\n                                            \u003C\/li\u003E\n                            \n                                            \u003Cli class=\u0022page-item\u0022\u003E\n                    \u003Ca href=\u0022\/recipes\/comments\/recipe\/fs36ecd1-c3910-859364-cfcd2-dwtyk3ar?page=3\u0022 rel=\u0022next\u0022 class=\u0022page-link icon-arrow-right bg-transparent\u0022\u003E\u003C\/a\u003E\n                \u003C\/li\u003E\n                                \u003Cli class=\u0022page-item\u0022\u003E\n                    \u003Ca href=\u0022\/recipes\/comments\/recipe\/fs36ecd1-c3910-859364-cfcd2-dwtyk3ar?page=3\u0022 rel=\u0022last\u0022 class=\u0022page-link icon-double-arrow-right bg-transparent\u0022\u003E\u003C\/a\u003E\n                \u003C\/li\u003E\n                    \u003C\/ul\u003E\n    \u003C\/nav\u003E\n","count":21}